{"id":837,"date":"2025-07-09T10:23:30","date_gmt":"2025-07-09T08:23:30","guid":{"rendered":"http:\/\/focuspictures.fr\/?p=837"},"modified":"2025-07-16T12:58:16","modified_gmt":"2025-07-16T10:58:16","slug":"etude-de-cas-refonte-du-logo-dassistsolution","status":"publish","type":"post","link":"https:\/\/focuspictures.fr\/index.php\/2025\/07\/09\/etude-de-cas-refonte-du-logo-dassistsolution\/","title":{"rendered":"\u00c9tude de cas : Refonte du logo d\u2019Assist\u2019solution"},"content":{"rendered":"\n<p><\/p>\n\n\n\n<h2 class=\"wp-block-heading\">\u2728 Le besoin : une identit\u00e9 graphique qui a du sens<\/h2>\n\n\n\n<p>Apr\u00e8s <strong>9 ann\u00e9es d\u2019activit\u00e9<\/strong>, C\u00e9line Rampon, fondatrice d\u2019<strong>Assist\u2019solution<\/strong>, a souhait\u00e9 faire \u00e9voluer l\u2019image de son entreprise. Son objectif : moderniser son identit\u00e9 visuelle avec un logo plus affirm\u00e9, professionnel et align\u00e9 avec sa personnalit\u00e9 et ses prestations.<\/p>\n\n\n\n<p>Au fil des ann\u00e9es, <strong>l\u2019activit\u00e9 d\u2019Assist\u2019solution a \u00e9volu\u00e9<\/strong>. Plus qu\u2019une simple assistante administrative, C\u00e9line est devenue un v\u00e9ritable <strong>bras droit<\/strong> pour les ind\u00e9pendants, artisans et TPE, en les accompagnant dans leur gestion quotidienne avec rigueur, confiance et discr\u00e9tion.<\/p>\n\n\n\n<p>Son logo d\u2019origine, cr\u00e9\u00e9 lors du lancement de son entreprise, avait besoin d&rsquo;une \u00e9volution pour refl\u00e9ter au mieux ses valeurs :<\/p>\n\n\n\n<ul class=\"wp-block-list\">\n<li>son <strong>exp\u00e9rience et sa l\u00e9gitimit\u00e9<\/strong>,<\/li>\n\n\n\n<li>son <strong>positionnement professionnel<\/strong> et rassurant,<\/li>\n\n\n\n<li>son <strong>image personnelle<\/strong>, dynamique et moderne.<\/li>\n<\/ul>\n\n\n\n<h3 class=\"wp-block-heading\">\ud83e\udde0 La d\u00e9marche cr\u00e9ative<\/h3>\n\n\n\n<p>Nous avons entam\u00e9 la refonte par une phase d\u2019\u00e9change pour <strong>comprendre ses valeurs, son parcours et sa client\u00e8le<\/strong>. Il en est ressorti une volont\u00e9 de sobri\u00e9t\u00e9, d\u2019efficacit\u00e9 et de clart\u00e9 \u2014 des qualit\u00e9s directement li\u00e9es \u00e0 son m\u00e9tier.<\/p>\n\n\n\n<p>Quelques axes forts du nouveau logo :<\/p>\n\n\n\n<ul class=\"wp-block-list\">\n<li><strong>Typographie professionnelle et lisible<\/strong>, inspirant la confiance.<\/li>\n\n\n\n<li><strong>Couleurs douces mais affirm\u00e9es<\/strong>, pour marquer la stabilit\u00e9 tout en gardant une touche f\u00e9minine et chaleureuse.<\/li>\n\n\n\n<li><strong>Signe graphique \u00e9pur\u00e9<\/strong>, \u00e9voquant \u00e0 la fois l\u2019organisation, le lien et la fiabilit\u00e9.<\/li>\n<\/ul>\n\n\n\n<p>Le r\u00e9sultat ? Un <strong>logo \u00e9l\u00e9gant, structur\u00e9 et intemporel<\/strong>, qui donne \u00e0 Assist\u2019solution une identit\u00e9 coh\u00e9rente et impactante sur tous ses supports de communication.<\/p>\n\n\n\n<h3 class=\"wp-block-heading\">\ud83d\udcc8 Une image en phase avec l\u2019\u00e9volution de l\u2019entreprise<\/h3>\n\n\n\n<p>Ce nouveau logo est <strong>bien plus qu\u2019un simple visuel<\/strong>. Il incarne le <strong>nouveau chapitre<\/strong> de l\u2019entreprise Assist\u2019solution, tout en restant fid\u00e8le \u00e0 l\u2019esprit de C\u00e9line : une professionnelle de confiance, \u00e0 l\u2019\u00e9coute, qui simplifie le quotidien de ses clients.<\/p>\n\n\n\n<figure class=\"wp-block-image size-large\"><img loading=\"lazy\" decoding=\"async\" width=\"1024\" height=\"512\" src=\"http:\/\/focuspictures.fr\/wp-content\/uploads\/2025\/07\/RefonteLogoAssistSolution-1024x512.jpg\" alt=\"\" class=\"wp-image-838\" srcset=\"https:\/\/focuspictures.fr\/wp-content\/uploads\/2025\/07\/RefonteLogoAssistSolution-1024x512.jpg 1024w, https:\/\/focuspictures.fr\/wp-content\/uploads\/2025\/07\/RefonteLogoAssistSolution-300x150.jpg 300w, https:\/\/focuspictures.fr\/wp-content\/uploads\/2025\/07\/RefonteLogoAssistSolution-768x384.jpg 768w, https:\/\/focuspictures.fr\/wp-content\/uploads\/2025\/07\/RefonteLogoAssistSolution-1170x585.jpg 1170w, https:\/\/focuspictures.fr\/wp-content\/uploads\/2025\/07\/RefonteLogoAssistSolution.jpg 1200w\" sizes=\"auto, (max-width: 1024px) 100vw, 1024px\" \/><\/figure>\n\n\n\n<hr class=\"wp-block-separator has-alpha-channel-opacity\"\/>\n\n\n\n<figure class=\"wp-block-image size-large\"><img loading=\"lazy\" decoding=\"async\" width=\"1024\" height=\"459\" src=\"http:\/\/focuspictures.fr\/wp-content\/uploads\/2025\/07\/dore-fondbleu-1024x459.jpg\" alt=\"\" class=\"wp-image-840\" srcset=\"https:\/\/focuspictures.fr\/wp-content\/uploads\/2025\/07\/dore-fondbleu-1024x459.jpg 1024w, https:\/\/focuspictures.fr\/wp-content\/uploads\/2025\/07\/dore-fondbleu-300x135.jpg 300w, https:\/\/focuspictures.fr\/wp-content\/uploads\/2025\/07\/dore-fondbleu-768x345.jpg 768w, https:\/\/focuspictures.fr\/wp-content\/uploads\/2025\/07\/dore-fondbleu-1536x689.jpg 1536w, https:\/\/focuspictures.fr\/wp-content\/uploads\/2025\/07\/dore-fondbleu-2048x919.jpg 2048w, https:\/\/focuspictures.fr\/wp-content\/uploads\/2025\/07\/dore-fondbleu-1170x525.jpg 1170w\" sizes=\"auto, (max-width: 1024px) 100vw, 1024px\" \/><\/figure>\n\n\n\n<div style=\"height:46px\" aria-hidden=\"true\" class=\"wp-block-spacer\"><\/div>\n\n\n\n<h3 class=\"wp-block-heading\">\ud83d\udd8c\ufe0f Vous aussi, vous souhaitez moderniser votre logo ?<\/h3>\n\n\n\n<p>Votre activit\u00e9 a \u00e9volu\u00e9, mais votre image ne suit plus ? Je vous accompagne pour (re)penser votre identit\u00e9 visuelle et faire rayonner votre entreprise avec un logo qui vous ressemble vraiment.<\/p>\n\n\n\n<p>\ud83d\udce9 Contactez-moi pour en discuter !<\/p>\n\n\n\n<p>Margaux : 06 26 97 20 05 \/ contact@focuspictures.fr<\/p>\n\n\n\n<p><\/p>\n\n\n\n<hr class=\"wp-block-separator has-alpha-channel-opacity\"\/>\n","protected":false},"excerpt":{"rendered":"<p>\u2728 Le besoin : une identit\u00e9 graphique qui a du sens Apr\u00e8s 9 ann\u00e9es d\u2019activit\u00e9, C\u00e9line Rampon, fondatrice d\u2019Assist\u2019solution, a souhait\u00e9 faire \u00e9voluer l\u2019image de son entreprise. Son objectif : moderniser son identit\u00e9 visuelle avec un logo plus affirm\u00e9, professionnel et align\u00e9 avec sa personnalit\u00e9 et ses prestations. Au fil des ann\u00e9es, l\u2019activit\u00e9 d\u2019Assist\u2019solution a [&hellip;]<\/p>\n","protected":false},"author":1,"featured_media":842,"comment_status":"open","ping_status":"open","sticky":false,"template":"","format":"standard","meta":{"footnotes":""},"categories":[22,17,23],"tags":[],"class_list":["post-837","post","type-post","status-publish","format-standard","has-post-thumbnail","hentry","category-communication","category-creation-graphique","category-gestion-de-projet"],"_links":{"self":[{"href":"https:\/\/focuspictures.fr\/index.php\/wp-json\/wp\/v2\/posts\/837","targetHints":{"allow":["GET"]}}],"collection":[{"href":"https:\/\/focuspictures.fr\/index.php\/wp-json\/wp\/v2\/posts"}],"about":[{"href":"https:\/\/focuspictures.fr\/index.php\/wp-json\/wp\/v2\/types\/post"}],"author":[{"embeddable":true,"href":"https:\/\/focuspictures.fr\/index.php\/wp-json\/wp\/v2\/users\/1"}],"replies":[{"embeddable":true,"href":"https:\/\/focuspictures.fr\/index.php\/wp-json\/wp\/v2\/comments?post=837"}],"version-history":[{"count":3,"href":"https:\/\/focuspictures.fr\/index.php\/wp-json\/wp\/v2\/posts\/837\/revisions"}],"predecessor-version":[{"id":845,"href":"https:\/\/focuspictures.fr\/index.php\/wp-json\/wp\/v2\/posts\/837\/revisions\/845"}],"wp:featuredmedia":[{"embeddable":true,"href":"https:\/\/focuspictures.fr\/index.php\/wp-json\/wp\/v2\/media\/842"}],"wp:attachment":[{"href":"https:\/\/focuspictures.fr\/index.php\/wp-json\/wp\/v2\/media?parent=837"}],"wp:term":[{"taxonomy":"category","embeddable":true,"href":"https:\/\/focuspictures.fr\/index.php\/wp-json\/wp\/v2\/categories?post=837"},{"taxonomy":"post_tag","embeddable":true,"href":"https:\/\/focuspictures.fr\/index.php\/wp-json\/wp\/v2\/tags?post=837"}],"curies":[{"name":"wp","href":"https:\/\/api.w.org\/{rel}","templated":true}]}}