{"id":775,"date":"2025-07-16T12:55:51","date_gmt":"2025-07-16T10:55:51","guid":{"rendered":"http:\/\/focuspictures.fr\/?p=775"},"modified":"2025-07-16T12:58:10","modified_gmt":"2025-07-16T10:58:10","slug":"une-identite-visuelle-claire-pour-booster-votre-communication","status":"publish","type":"post","link":"https:\/\/focuspictures.fr\/index.php\/2025\/07\/16\/une-identite-visuelle-claire-pour-booster-votre-communication\/","title":{"rendered":"Une identit\u00e9 visuelle claire pour booster votre communication !"},"content":{"rendered":"\n<p>Dans un monde o\u00f9 l\u2019image est reine, avoir une identit\u00e9 visuelle forte est indispensable pour se d\u00e9marquer. Que vous soyez une entreprise locale, une marque ou un ind\u00e9pendant, votre identit\u00e9 visuelle est bien plus qu\u2019un simple logo : c\u2019est l\u2019empreinte que vous laissez dans l\u2019esprit de vos clients et partenaires.<\/p>\n\n\n\n<p>D\u00e9couvrez pourquoi une bonne identit\u00e9 visuelle est essentielle pour votre communication et comment elle peut transformer votre notori\u00e9t\u00e9 et votre impact.<\/p>\n\n\n\n<h2 class=\"wp-block-heading\"><strong>L\u2019identit\u00e9 visuelle : bien plus qu\u2019un simple logo<\/strong><\/h2>\n\n\n\n<p>L\u2019identit\u00e9 visuelle englobe tous les \u00e9l\u00e9ments graphiques qui d\u00e9finissent votre marque :<br>\u2705 <strong>Le logo<\/strong> : premier \u00e9l\u00e9ment per\u00e7u par vos clients<br>\u2705 <strong>La palette de couleurs<\/strong> : influence les \u00e9motions et la perception de votre marque<br>\u2705 <strong>La typographie<\/strong> : refl\u00e8te le ton et l\u2019image de votre entreprise<br>\u2705 <strong>Les visuels et illustrations<\/strong> : renforcent l\u2019uniformit\u00e9 de votre communication<br>\u2705 <strong>La charte graphique<\/strong> : assure la coh\u00e9rence de tous vos supports (print &amp; digital)<\/p>\n\n\n\n<p>Une identit\u00e9 visuelle bien pens\u00e9e assure une reconnaissance imm\u00e9diate et renforce la cr\u00e9dibilit\u00e9 de votre entreprise.<\/p>\n\n\n\n<figure class=\"wp-block-image size-full\"><img loading=\"lazy\" decoding=\"async\" width=\"1000\" height=\"600\" src=\"http:\/\/focuspictures.fr\/wp-content\/uploads\/2025\/07\/Plan-de-travail-1-100.jpg\" alt=\"\" class=\"wp-image-849\" srcset=\"https:\/\/focuspictures.fr\/wp-content\/uploads\/2025\/07\/Plan-de-travail-1-100.jpg 1000w, https:\/\/focuspictures.fr\/wp-content\/uploads\/2025\/07\/Plan-de-travail-1-100-300x180.jpg 300w, https:\/\/focuspictures.fr\/wp-content\/uploads\/2025\/07\/Plan-de-travail-1-100-768x461.jpg 768w\" sizes=\"auto, (max-width: 1000px) 100vw, 1000px\" \/><\/figure>\n\n\n\n<figure class=\"wp-block-image size-large\"><img loading=\"lazy\" decoding=\"async\" width=\"1024\" height=\"576\" src=\"http:\/\/focuspictures.fr\/wp-content\/uploads\/2025\/02\/ID-Inoxis-1024x576.jpg\" alt=\"\" class=\"wp-image-779\" srcset=\"https:\/\/focuspictures.fr\/wp-content\/uploads\/2025\/02\/ID-Inoxis-1024x576.jpg 1024w, https:\/\/focuspictures.fr\/wp-content\/uploads\/2025\/02\/ID-Inoxis-300x169.jpg 300w, https:\/\/focuspictures.fr\/wp-content\/uploads\/2025\/02\/ID-Inoxis-768x432.jpg 768w, https:\/\/focuspictures.fr\/wp-content\/uploads\/2025\/02\/ID-Inoxis-1536x864.jpg 1536w, https:\/\/focuspictures.fr\/wp-content\/uploads\/2025\/02\/ID-Inoxis-1170x658.jpg 1170w, https:\/\/focuspictures.fr\/wp-content\/uploads\/2025\/02\/ID-Inoxis.jpg 1920w\" sizes=\"auto, (max-width: 1024px) 100vw, 1024px\" \/><\/figure>\n\n\n\n<h2 class=\"wp-block-heading\"><strong>Une identit\u00e9 visuelle forte pour se d\u00e9marquer de la concurrence<\/strong><\/h2>\n\n\n\n<p>Dans un march\u00e9 satur\u00e9, votre image de marque est votre meilleur atout pour capter l\u2019attention. Une identit\u00e9 visuelle unique et bien d\u00e9finie permet de :<br>\ud83d\udccc <strong>Cr\u00e9er un impact m\u00e9morable<\/strong> : Les consommateurs se souviennent mieux des marques avec une identit\u00e9 forte.<br>\ud83d\udccc <strong>Renforcer la cr\u00e9dibilit\u00e9<\/strong> : Un visuel professionnel inspire confiance et s\u00e9rieux.<br>\ud83d\udccc <strong>Attirer votre audience cible<\/strong> : Des choix graphiques adapt\u00e9s s\u00e9duisent le bon public.<\/p>\n\n\n\n<figure class=\"wp-block-image size-large\"><img loading=\"lazy\" decoding=\"async\" width=\"1024\" height=\"576\" src=\"http:\/\/focuspictures.fr\/wp-content\/uploads\/2025\/02\/ID-DoudousAlix-1024x576.jpg\" alt=\"\" class=\"wp-image-777\" srcset=\"https:\/\/focuspictures.fr\/wp-content\/uploads\/2025\/02\/ID-DoudousAlix-1024x576.jpg 1024w, https:\/\/focuspictures.fr\/wp-content\/uploads\/2025\/02\/ID-DoudousAlix-300x169.jpg 300w, https:\/\/focuspictures.fr\/wp-content\/uploads\/2025\/02\/ID-DoudousAlix-768x432.jpg 768w, https:\/\/focuspictures.fr\/wp-content\/uploads\/2025\/02\/ID-DoudousAlix-1536x864.jpg 1536w, https:\/\/focuspictures.fr\/wp-content\/uploads\/2025\/02\/ID-DoudousAlix-1170x658.jpg 1170w, https:\/\/focuspictures.fr\/wp-content\/uploads\/2025\/02\/ID-DoudousAlix.jpg 1920w\" sizes=\"auto, (max-width: 1024px) 100vw, 1024px\" \/><\/figure>\n\n\n\n<p><em>Exemple : r\u00e9alisation d&rsquo;un logo et d&rsquo;une identit\u00e9 visuelle pour une entreprise de cr\u00e9ation de doudous en crochet.<\/em><\/p>\n\n\n\n<h2 class=\"wp-block-heading\"><strong>Un levier puissant pour une communication coh\u00e9rente et efficace<\/strong><\/h2>\n\n\n\n<p>L\u2019identit\u00e9 visuelle joue un r\u00f4le cl\u00e9 dans la <strong>coh\u00e9rence<\/strong> de votre communication :<br>\ud83c\udfaf <strong>Sur les r\u00e9seaux sociaux<\/strong> : Un feed harmonieux et reconnaissable attire et fid\u00e9lise.<br>\ud83c\udfaf <strong>Sur les supports imprim\u00e9s<\/strong> : Flyers, cartes de visite et affiches doivent refl\u00e9ter la m\u00eame image.<br>\ud83c\udfaf <strong>Sur votre site web<\/strong> : Une charte graphique coh\u00e9rente am\u00e9liore l\u2019exp\u00e9rience utilisateur et renforce la confiance.<\/p>\n\n\n\n<p><strong>Une identit\u00e9 visuelle homog\u00e8ne sur tous vos supports cr\u00e9e un sentiment de professionnalisme et facilite la reconnaissance de votre marque.<\/strong><\/p>\n\n\n\n<h2 class=\"wp-block-heading\"><strong>Un investissement rentable pour votre entreprise<\/strong><\/h2>\n\n\n\n<p>Une bonne identit\u00e9 visuelle est un investissement \u00e0 long terme. Elle permet de :<br>\ud83d\udcb0 <strong>Gagner en notori\u00e9t\u00e9 et en visibilit\u00e9<\/strong><br>\ud83d\udcb0 <strong>Faciliter la conversion des prospects en clients<\/strong><br>\ud83d\udcb0 <strong>\u00c9viter des refontes fr\u00e9quentes et co\u00fbteuses<\/strong><\/p>\n\n\n\n<p>\ud83d\udc49 <strong>Un conseil : Faites appel \u00e0 un professionnel du graphisme et du motion design pour cr\u00e9er une identit\u00e9 visuelle impactante et durable.<\/strong><\/p>\n\n\n\n<p><strong>Votre identit\u00e9 visuelle est bien plus qu\u2019un simple design : c\u2019est l\u2019\u00e2me de votre entreprise. Une image de marque forte et coh\u00e9rente booste votre communication, renforce votre cr\u00e9dibilit\u00e9 et vous aide \u00e0 atteindre vos objectifs.<\/strong><\/p>\n\n\n\n<p>Besoin d\u2019une identit\u00e9 visuelle \u00e0 la hauteur de vos ambitions ? Contactez-moi pour un accompagnement personnalis\u00e9 !<\/p>\n\n\n\n<p>Margaux : 06 26 97 20 05 \/ contact@focuspictures.fr<\/p>\n\n\n\n<p><\/p>\n","protected":false},"excerpt":{"rendered":"<p>Dans un monde o\u00f9 l\u2019image est reine, avoir une identit\u00e9 visuelle forte est indispensable pour se d\u00e9marquer. Que vous soyez une entreprise locale, une marque ou un ind\u00e9pendant, votre identit\u00e9 visuelle est bien plus qu\u2019un simple logo : c\u2019est l\u2019empreinte que vous laissez dans l\u2019esprit de vos clients et partenaires. D\u00e9couvrez pourquoi une bonne identit\u00e9 [&hellip;]<\/p>\n","protected":false},"author":1,"featured_media":846,"comment_status":"open","ping_status":"open","sticky":false,"template":"","format":"standard","meta":{"footnotes":""},"categories":[22,17,23],"tags":[],"class_list":["post-775","post","type-post","status-publish","format-standard","has-post-thumbnail","hentry","category-communication","category-creation-graphique","category-gestion-de-projet"],"_links":{"self":[{"href":"https:\/\/focuspictures.fr\/index.php\/wp-json\/wp\/v2\/posts\/775","targetHints":{"allow":["GET"]}}],"collection":[{"href":"https:\/\/focuspictures.fr\/index.php\/wp-json\/wp\/v2\/posts"}],"about":[{"href":"https:\/\/focuspictures.fr\/index.php\/wp-json\/wp\/v2\/types\/post"}],"author":[{"embeddable":true,"href":"https:\/\/focuspictures.fr\/index.php\/wp-json\/wp\/v2\/users\/1"}],"replies":[{"embeddable":true,"href":"https:\/\/focuspictures.fr\/index.php\/wp-json\/wp\/v2\/comments?post=775"}],"version-history":[{"count":7,"href":"https:\/\/focuspictures.fr\/index.php\/wp-json\/wp\/v2\/posts\/775\/revisions"}],"predecessor-version":[{"id":850,"href":"https:\/\/focuspictures.fr\/index.php\/wp-json\/wp\/v2\/posts\/775\/revisions\/850"}],"wp:featuredmedia":[{"embeddable":true,"href":"https:\/\/focuspictures.fr\/index.php\/wp-json\/wp\/v2\/media\/846"}],"wp:attachment":[{"href":"https:\/\/focuspictures.fr\/index.php\/wp-json\/wp\/v2\/media?parent=775"}],"wp:term":[{"taxonomy":"category","embeddable":true,"href":"https:\/\/focuspictures.fr\/index.php\/wp-json\/wp\/v2\/categories?post=775"},{"taxonomy":"post_tag","embeddable":true,"href":"https:\/\/focuspictures.fr\/index.php\/wp-json\/wp\/v2\/tags?post=775"}],"curies":[{"name":"wp","href":"https:\/\/api.w.org\/{rel}","templated":true}]}}